{"id":261,"date":"2022-05-16T09:01:34","date_gmt":"2022-05-16T07:01:34","guid":{"rendered":"https:\/\/huss-slijepi.hr\/?p=261"},"modified":"2022-05-25T13:05:03","modified_gmt":"2022-05-25T11:05:03","slug":"taktilni-crtezi","status":"publish","type":"post","link":"https:\/\/huss-slijepi.hr\/?p=261","title":{"rendered":"Taktilni crte\u017ei"},"content":{"rendered":"<p>Da bi slijepi i slabovidni u\u010denici aktivno sudjelovali na nastavi i lak\u0161e savladali sadr\u017eaj, za njih izra\u0111ujemo taktilne crte\u017ee koje prikazuju vizualne elemente tiskanog ud\u017ebenika.<\/p>\n<p>&nbsp;<\/p>\n<div id=\"attachment_74\" style=\"width: 160px\" class=\"wp-caption alignleft\"><a href=\"https:\/\/huss-slijepi.hr\/wp-content\/uploads\/2017\/07\/reljefni-prikaz-Europe.jpg\"><img loading=\"lazy\" decoding=\"async\" aria-describedby=\"caption-attachment-74\" class=\"size-thumbnail wp-image-74\" src=\"https:\/\/huss-slijepi.hr\/wp-content\/uploads\/2017\/07\/reljefni-prikaz-Europe-150x150.jpg\" alt=\"Reljefni prikaz\" width=\"150\" height=\"150\" \/><\/a><p id=\"caption-attachment-74\" class=\"wp-caption-text\">Reljefni prikaz Europe<\/p><\/div>\n<div id=\"attachment_80\" style=\"width: 160px\" class=\"wp-caption alignleft\"><a href=\"https:\/\/huss-slijepi.hr\/wp-content\/uploads\/2017\/07\/reljefni-prikaz-koordinatnog-sustava-i-pravca-iz-ishodi\u0161ta.jpg\"><img loading=\"lazy\" decoding=\"async\" aria-describedby=\"caption-attachment-80\" class=\"size-thumbnail wp-image-80\" src=\"https:\/\/huss-slijepi.hr\/wp-content\/uploads\/2017\/07\/reljefni-prikaz-koordinatnog-sustava-i-pravca-iz-ishodi\u0161ta-150x150.jpg\" alt=\"reljefni prikaz\" width=\"150\" height=\"150\" \/><\/a><p id=\"caption-attachment-80\" class=\"wp-caption-text\">Reljefni prikaz koordinatnog sustava i pravca iz ishodi\u0161ta<\/p><\/div>\n<div id=\"attachment_78\" style=\"width: 160px\" class=\"wp-caption alignleft\"><a href=\"https:\/\/huss-slijepi.hr\/wp-content\/uploads\/2017\/07\/reljefni-prikaz-klime-u-prapovijesno-doba.jpg\"><img loading=\"lazy\" decoding=\"async\" aria-describedby=\"caption-attachment-78\" class=\"size-thumbnail wp-image-78\" src=\"https:\/\/huss-slijepi.hr\/wp-content\/uploads\/2017\/07\/reljefni-prikaz-klime-u-prapovijesno-doba-150x150.jpg\" alt=\"Reljefni prikaz\" width=\"150\" height=\"150\" \/><\/a><p id=\"caption-attachment-78\" class=\"wp-caption-text\">Reljefni prikaz klime u prapovijesno doba<\/p><\/div>\n<p>&nbsp;<\/p>\n<p>&nbsp;<\/p>\n<p>&nbsp;<\/p>\n<p>&nbsp;<\/p>\n<p>&nbsp;<\/p>\n<p>&nbsp;<\/p>\n<p><a href=\"https:\/\/huss-slijepi.hr\/?page_id=250#content\">Nastavite \u010ditati&#8230;<\/a><\/p>\n","protected":false},"excerpt":{"rendered":"<p>Da bi slijepi i slabovidni u\u010denici aktivno sudjelovali na nastavi i lak\u0161e savladali sadr\u017eaj, za njih izra\u0111ujemo taktilne crte\u017ee koje prikazuju vizualne elemente tiskanog ud\u017ebenika. &nbsp; &nbsp; &nbsp; &nbsp; &nbsp; &nbsp; &nbsp; Nastavite \u010ditati&#8230;<\/p>\n","protected":false},"author":1,"featured_media":0,"comment_status":"closed","ping_status":"closed","sticky":false,"template":"","format":"standard","meta":{"footnotes":""},"categories":[14],"tags":[],"class_list":["post-261","post","type-post","status-publish","format-standard","hentry","category-galerija"],"_links":{"self":[{"href":"https:\/\/huss-slijepi.hr\/index.php?rest_route=\/wp\/v2\/posts\/261","targetHints":{"allow":["GET"]}}],"collection":[{"href":"https:\/\/huss-slijepi.hr\/index.php?rest_route=\/wp\/v2\/posts"}],"about":[{"href":"https:\/\/huss-slijepi.hr\/index.php?rest_route=\/wp\/v2\/types\/post"}],"author":[{"embeddable":true,"href":"https:\/\/huss-slijepi.hr\/index.php?rest_route=\/wp\/v2\/users\/1"}],"replies":[{"embeddable":true,"href":"https:\/\/huss-slijepi.hr\/index.php?rest_route=%2Fwp%2Fv2%2Fcomments&post=261"}],"version-history":[{"count":4,"href":"https:\/\/huss-slijepi.hr\/index.php?rest_route=\/wp\/v2\/posts\/261\/revisions"}],"predecessor-version":[{"id":382,"href":"https:\/\/huss-slijepi.hr\/index.php?rest_route=\/wp\/v2\/posts\/261\/revisions\/382"}],"wp:attachment":[{"href":"https:\/\/huss-slijepi.hr\/index.php?rest_route=%2Fwp%2Fv2%2Fmedia&parent=261"}],"wp:term":[{"taxonomy":"category","embeddable":true,"href":"https:\/\/huss-slijepi.hr\/index.php?rest_route=%2Fwp%2Fv2%2Fcategories&post=261"},{"taxonomy":"post_tag","embeddable":true,"href":"https:\/\/huss-slijepi.hr\/index.php?rest_route=%2Fwp%2Fv2%2Ftags&post=261"}],"curies":[{"name":"wp","href":"https:\/\/api.w.org\/{rel}","templated":true}]}}